{"id":1053,"__str__":"Exposi\u00e7\u00e3o de Motivos - Exposi\u00e7\u00e3o de Motivos de 12/08/2015 por Vereador Conrado Scheller","link_detail_backend":"/materia/documentoacessorio/1053","metadata":{},"nome":"Exposi\u00e7\u00e3o de Motivos","data":"2015-08-12","autor":"Vereador Conrado Scheller","ementa":"EXPOSI\u00c7\u00c3O DE MOTIVOS DO PROJETO DE LEI N\u00ba 19/2015 QUE ACRESCE PAR\u00c1GRAFO 3\u00ba AO ARTIGO 3\u00ba DA LEI 1653/2002 - QUE INSTITUI NO MUNIC\u00cdPIO DE CAMB\u00c9 A CONTRIBUI\u00c7\u00c3O PARA CUSTEIO DA ILUMINA\u00c7\u00c3O P\u00daBLICA, PREVISTA NO ART. 149-A DA CONSTITUI\u00c7\u00c3O FEDERAL. ","indexacao":"","arquivo":"http://sapl.cambe.pr.leg.br/media/sapl/public/documentoacessorio/2015/1053/1053.pdf","data_ultima_atualizacao":"2018-08-23T11:58:02.922684-03:00","materia":4088,"tipo":6}